{"id":2858,"date":"2026-09-05T23:50:02","date_gmt":"2026-09-05T21:50:02","guid":{"rendered":"https:\/\/lesjardinsdemaud.be\/?p=2858"},"modified":"2026-09-06T00:07:54","modified_gmt":"2026-09-05T22:07:54","slug":"journee-en-famille-au-centre-culturel-bruegel","status":"publish","type":"post","link":"https:\/\/lesjardinsdemaud.be\/index.php\/2026\/09\/05\/journee-en-famille-au-centre-culturel-bruegel\/","title":{"rendered":"Journ\u00e9e en famille au Centre culturel Bruegel"},"content":{"rendered":"Vous devez \u00eatre connect\u00e9 pour voir ce contenu.","protected":false},"excerpt":{"rendered":"Vous devez \u00eatre connect\u00e9 pour voir ce contenu.","protected":false},"author":1,"featured_media":213,"comment_status":"closed","ping_status":"closed","sticky":false,"template":"","format":"standard","meta":{"ngg_post_thumbnail":0,"_jetpack_memberships_contains_paid_content":false,"footnotes":""},"categories":[26],"tags":[],"class_list":["post-2858","post","type-post","status-publish","format-standard","has-post-thumbnail","hentry","category-accueil"],"jetpack_featured_media_url":"https:\/\/lesjardinsdemaud.be\/wp-content\/uploads\/2022\/06\/table-lumineuse.jpg","jetpack_sharing_enabled":true,"_links":{"self":[{"href":"https:\/\/lesjardinsdemaud.be\/index.php\/wp-json\/wp\/v2\/posts\/2858","targetHints":{"allow":["GET"]}}],"collection":[{"href":"https:\/\/lesjardinsdemaud.be\/index.php\/wp-json\/wp\/v2\/posts"}],"about":[{"href":"https:\/\/lesjardinsdemaud.be\/index.php\/wp-json\/wp\/v2\/types\/post"}],"author":[{"embeddable":true,"href":"https:\/\/lesjardinsdemaud.be\/index.php\/wp-json\/wp\/v2\/users\/1"}],"replies":[{"embeddable":true,"href":"https:\/\/lesjardinsdemaud.be\/index.php\/wp-json\/wp\/v2\/comments?post=2858"}],"version-history":[{"count":2,"href":"https:\/\/lesjardinsdemaud.be\/index.php\/wp-json\/wp\/v2\/posts\/2858\/revisions"}],"predecessor-version":[{"id":2864,"href":"https:\/\/lesjardinsdemaud.be\/index.php\/wp-json\/wp\/v2\/posts\/2858\/revisions\/2864"}],"wp:featuredmedia":[{"embeddable":true,"href":"https:\/\/lesjardinsdemaud.be\/index.php\/wp-json\/wp\/v2\/media\/213"}],"wp:attachment":[{"href":"https:\/\/lesjardinsdemaud.be\/index.php\/wp-json\/wp\/v2\/media?parent=2858"}],"wp:term":[{"taxonomy":"category","embeddable":true,"href":"https:\/\/lesjardinsdemaud.be\/index.php\/wp-json\/wp\/v2\/categories?post=2858"},{"taxonomy":"post_tag","embeddable":true,"href":"https:\/\/lesjardinsdemaud.be\/index.php\/wp-json\/wp\/v2\/tags?post=2858"}],"curies":[{"name":"wp","href":"https:\/\/api.w.org\/{rel}","templated":true}]}}