{"id":258,"date":"2022-08-03T12:08:42","date_gmt":"2022-08-03T10:08:42","guid":{"rendered":"https:\/\/2022.lesjardinsdemaud.be\/?p=258"},"modified":"2022-08-26T13:18:48","modified_gmt":"2022-08-26T11:18:48","slug":"lieu-de-rencontre-enfants-parents","status":"publish","type":"post","link":"https:\/\/lesjardinsdemaud.be\/index.php\/2022\/08\/03\/lieu-de-rencontre-enfants-parents\/","title":{"rendered":"Lieu de Rencontre Enfants Parents"},"content":{"rendered":"\n<p>Nous proposons des s\u00e9ances tous les samedis matin de 9h30 \u00e0 11h30 avec des s\u00e9ances de psychomotricit\u00e9 relationnelle et des ateliers cr\u00e9atifs.<\/p>\n\n\n\n<div class=\"wp-block-buttons is-layout-flex wp-block-buttons-is-layout-flex\">\n<div class=\"wp-block-button aligncenter is-style-outline is-style-outline--1\"><a class=\"wp-block-button__link\" href=\"https:\/\/lesjardinsdemaud.be\/index.php\/lieu-de-rencontre-enfants-parents\/\">En savoir plus &#8230;<\/a><\/div>\n<\/div>\n","protected":false},"excerpt":{"rendered":"<p>Nous proposons des s\u00e9ances tous les samedis matin de 9h30 \u00e0 11h30 avec des s\u00e9ances de psychomotricit\u00e9 relationnelle et des ateliers cr\u00e9atifs.<\/p>\n","protected":false},"author":1,"featured_media":307,"comment_status":"closed","ping_status":"closed","sticky":false,"template":"","format":"standard","meta":{"ngg_post_thumbnail":0,"_jetpack_memberships_contains_paid_content":false,"footnotes":""},"categories":[1],"tags":[],"class_list":["post-258","post","type-post","status-publish","format-standard","has-post-thumbnail","hentry","category-non-classe"],"jetpack_featured_media_url":"https:\/\/lesjardinsdemaud.be\/wp-content\/uploads\/2022\/08\/WhatsApp-Image-2020-01-20-at-11.41.57.jpeg","jetpack_sharing_enabled":true,"_links":{"self":[{"href":"https:\/\/lesjardinsdemaud.be\/index.php\/wp-json\/wp\/v2\/posts\/258","targetHints":{"allow":["GET"]}}],"collection":[{"href":"https:\/\/lesjardinsdemaud.be\/index.php\/wp-json\/wp\/v2\/posts"}],"about":[{"href":"https:\/\/lesjardinsdemaud.be\/index.php\/wp-json\/wp\/v2\/types\/post"}],"author":[{"embeddable":true,"href":"https:\/\/lesjardinsdemaud.be\/index.php\/wp-json\/wp\/v2\/users\/1"}],"replies":[{"embeddable":true,"href":"https:\/\/lesjardinsdemaud.be\/index.php\/wp-json\/wp\/v2\/comments?post=258"}],"version-history":[{"count":4,"href":"https:\/\/lesjardinsdemaud.be\/index.php\/wp-json\/wp\/v2\/posts\/258\/revisions"}],"predecessor-version":[{"id":596,"href":"https:\/\/lesjardinsdemaud.be\/index.php\/wp-json\/wp\/v2\/posts\/258\/revisions\/596"}],"wp:featuredmedia":[{"embeddable":true,"href":"https:\/\/lesjardinsdemaud.be\/index.php\/wp-json\/wp\/v2\/media\/307"}],"wp:attachment":[{"href":"https:\/\/lesjardinsdemaud.be\/index.php\/wp-json\/wp\/v2\/media?parent=258"}],"wp:term":[{"taxonomy":"category","embeddable":true,"href":"https:\/\/lesjardinsdemaud.be\/index.php\/wp-json\/wp\/v2\/categories?post=258"},{"taxonomy":"post_tag","embeddable":true,"href":"https:\/\/lesjardinsdemaud.be\/index.php\/wp-json\/wp\/v2\/tags?post=258"}],"curies":[{"name":"wp","href":"https:\/\/api.w.org\/{rel}","templated":true}]}}